{"id":10014,"date":"2024-06-17T14:39:00","date_gmt":"2024-06-17T12:39:00","guid":{"rendered":"https:\/\/dcbelgium.be\/inauguration-2\/"},"modified":"2024-06-27T14:44:06","modified_gmt":"2024-06-27T12:44:06","slug":"inauguration-2","status":"publish","type":"post","link":"https:\/\/dcbelgium.be\/fr\/inauguration-2\/","title":{"rendered":"Inauguration"},"content":{"rendered":"<p>[et_pb_section fb_built=\u00a0\u00bb1&Prime; theme_builder_area=\u00a0\u00bbpost_content\u00a0\u00bb _builder_version=\u00a0\u00bb4.24.2&Prime; _module_preset=\u00a0\u00bbdefault\u00a0\u00bb][\/et_pb_section][et_pb_section fb_built=\u00a0\u00bb1&Prime; _builder_version=\u00a0\u00bb4.24.2&Prime; _module_preset=\u00a0\u00bbdefault\u00a0\u00bb locked=\u00a0\u00bboff\u00a0\u00bb global_colors_info=\u00a0\u00bb{}\u00a0\u00bb theme_builder_area=\u00a0\u00bbpost_content\u00a0\u00bb][et_pb_row _builder_version=\u00a0\u00bb4.24.2&Prime; _module_preset=\u00a0\u00bbdefault\u00a0\u00bb global_colors_info=\u00a0\u00bb{}\u00a0\u00bb theme_builder_area=\u00a0\u00bbpost_content\u00a0\u00bb][et_pb_column type=\u00a0\u00bb4_4&Prime; _builder_version=\u00a0\u00bb4.24.2&Prime; _module_preset=\u00a0\u00bbdefault\u00a0\u00bb global_colors_info=\u00a0\u00bb{}\u00a0\u00bb theme_builder_area=\u00a0\u00bbpost_content\u00a0\u00bb][et_pb_text _builder_version=\u00a0\u00bb4.24.2&Prime; _module_preset=\u00a0\u00bbdefault\u00a0\u00bb hover_enabled=\u00a0\u00bb0&Prime; global_colors_info=\u00a0\u00bb{}\u00a0\u00bb theme_builder_area=\u00a0\u00bbpost_content\u00a0\u00bb sticky_enabled=\u00a0\u00bb0&Prime;]<\/p>\n<p>R\u00e9cemment, nous avons c\u00e9l\u00e9br\u00e9 avec la commune de Braine-Le-Comte l&rsquo;inauguration festive de la statue \u00e0 l&rsquo;entr\u00e9e de notre projet et du nouveau terrain de p\u00e9tanque dans le parc. Les participants et les r\u00e9sidents du Champ du Moulin l&rsquo;ont imm\u00e9diatement test\u00e9 et approuv\u00e9 ! D\u00e9couvrez ici les moments forts de l&rsquo;inauguration.  <\/p>\n<p>[\/et_pb_text][et_pb_video _builder_version=\u00a0\u00bb4.24.2&Prime; _module_preset=\u00a0\u00bbdefault\u00a0\u00bb theme_builder_area=\u00a0\u00bbpost_content\u00a0\u00bb src=\u00a0\u00bbhttps:\/\/youtu.be\/lqp1DGvzSOs\u00a0\u00bb hover_enabled=\u00a0\u00bb0&Prime; sticky_enabled=\u00a0\u00bb0&Prime;][\/et_pb_video][\/et_pb_column][\/et_pb_row][\/et_pb_section]<\/p>\n","protected":false},"excerpt":{"rendered":"<p>R\u00e9cemment, nous avons c\u00e9l\u00e9br\u00e9 avec la commune de Braine-Le-Comte l&rsquo;inauguration festive de la statue \u00e0 l&rsquo;entr\u00e9e de notre projet et du nouveau terrain de p\u00e9tanque dans le parc. Les participants et les r\u00e9sidents du Champ du Moulin l&rsquo;ont imm\u00e9diatement test\u00e9 et approuv\u00e9 ! D\u00e9couvrez ici les moments forts de l&rsquo;inauguration.<\/p>\n","protected":false},"author":2,"featured_media":10011,"comment_status":"closed","ping_status":"closed","sticky":false,"template":"","format":"standard","meta":{"_acf_changed":false,"_et_pb_use_builder":"on","_et_pb_old_content":"","_et_gb_content_width":"","footnotes":""},"categories":[5],"tags":[],"class_list":["post-10014","post","type-post","status-publish","format-standard","has-post-thumbnail","hentry","category-non-classifiee"],"acf":[],"yoast_head":"<!-- This site is optimized with the Yoast SEO plugin v25.4 - https:\/\/yoast.com\/wordpress\/plugins\/seo\/ -->\n<title>Inauguration - DC Belgium<\/title>\n<meta name=\"robots\" content=\"index, follow, max-snippet:-1, max-image-preview:large, max-video-preview:-1\" \/>\n<link rel=\"canonical\" href=\"https:\/\/dcbelgium.be\/fr\/inauguration-2\/\" \/>\n<meta property=\"og:locale\" content=\"fr_FR\" \/>\n<meta property=\"og:type\" content=\"article\" \/>\n<meta property=\"og:title\" content=\"Inauguration - DC Belgium\" \/>\n<meta property=\"og:description\" content=\"R\u00e9cemment, nous avons c\u00e9l\u00e9br\u00e9 avec la commune de Braine-Le-Comte l&#039;inauguration festive de la statue \u00e0 l&#039;entr\u00e9e de notre projet et du nouveau terrain de p\u00e9tanque dans le parc. Les participants et les r\u00e9sidents du Champ du Moulin l&#039;ont imm\u00e9diatement test\u00e9 et approuv\u00e9 ! D\u00e9couvrez ici les moments forts de l&#039;inauguration.\" \/>\n<meta property=\"og:url\" content=\"https:\/\/dcbelgium.be\/fr\/inauguration-2\/\" \/>\n<meta property=\"og:site_name\" content=\"DC Belgium\" \/>\n<meta property=\"article:published_time\" content=\"2024-06-17T12:39:00+00:00\" \/>\n<meta property=\"article:modified_time\" content=\"2024-06-27T12:44:06+00:00\" \/>\n<meta property=\"og:image\" content=\"https:\/\/dcbelgium.be\/wp-content\/uploads\/2024\/06\/Screenshot-2024-06-27-at-14.42.46.png\" \/>\n\t<meta property=\"og:image:width\" content=\"1471\" \/>\n\t<meta property=\"og:image:height\" content=\"794\" \/>\n\t<meta property=\"og:image:type\" content=\"image\/png\" \/>\n<meta name=\"author\" content=\"www@handlangers.be\" \/>\n<meta name=\"twitter:card\" content=\"summary_large_image\" \/>\n<meta name=\"twitter:label1\" content=\"\u00c9crit par\" \/>\n\t<meta name=\"twitter:data1\" content=\"www@handlangers.be\" \/>\n\t<meta name=\"twitter:label2\" content=\"Dur\u00e9e de lecture estim\u00e9e\" \/>\n\t<meta name=\"twitter:data2\" content=\"1 minute\" \/>\n<script type=\"application\/ld+json\" class=\"yoast-schema-graph\">{\"@context\":\"https:\/\/schema.org\",\"@graph\":[{\"@type\":\"WebPage\",\"@id\":\"https:\/\/dcbelgium.be\/fr\/inauguration-2\/\",\"url\":\"https:\/\/dcbelgium.be\/fr\/inauguration-2\/\",\"name\":\"Inauguration - DC Belgium\",\"isPartOf\":{\"@id\":\"https:\/\/dcbelgium.be\/fr\/#website\"},\"primaryImageOfPage\":{\"@id\":\"https:\/\/dcbelgium.be\/fr\/inauguration-2\/#primaryimage\"},\"image\":{\"@id\":\"https:\/\/dcbelgium.be\/fr\/inauguration-2\/#primaryimage\"},\"thumbnailUrl\":\"https:\/\/dcbelgium.be\/wp-content\/uploads\/2024\/06\/Screenshot-2024-06-27-at-14.42.46.png\",\"datePublished\":\"2024-06-17T12:39:00+00:00\",\"dateModified\":\"2024-06-27T12:44:06+00:00\",\"author\":{\"@id\":\"https:\/\/dcbelgium.be\/fr\/#\/schema\/person\/d6c8d6594e7df0aa43c35e4200c5e3b1\"},\"inLanguage\":\"fr-FR\",\"potentialAction\":[{\"@type\":\"ReadAction\",\"target\":[\"https:\/\/dcbelgium.be\/fr\/inauguration-2\/\"]}]},{\"@type\":\"ImageObject\",\"inLanguage\":\"fr-FR\",\"@id\":\"https:\/\/dcbelgium.be\/fr\/inauguration-2\/#primaryimage\",\"url\":\"https:\/\/dcbelgium.be\/wp-content\/uploads\/2024\/06\/Screenshot-2024-06-27-at-14.42.46.png\",\"contentUrl\":\"https:\/\/dcbelgium.be\/wp-content\/uploads\/2024\/06\/Screenshot-2024-06-27-at-14.42.46.png\",\"width\":1471,\"height\":794},{\"@type\":\"WebSite\",\"@id\":\"https:\/\/dcbelgium.be\/fr\/#website\",\"url\":\"https:\/\/dcbelgium.be\/fr\/\",\"name\":\"DC Belgium\",\"description\":\"Development Coordination Belgium\",\"potentialAction\":[{\"@type\":\"SearchAction\",\"target\":{\"@type\":\"EntryPoint\",\"urlTemplate\":\"https:\/\/dcbelgium.be\/fr\/?s={search_term_string}\"},\"query-input\":{\"@type\":\"PropertyValueSpecification\",\"valueRequired\":true,\"valueName\":\"search_term_string\"}}],\"inLanguage\":\"fr-FR\"},{\"@type\":\"Person\",\"@id\":\"https:\/\/dcbelgium.be\/fr\/#\/schema\/person\/d6c8d6594e7df0aa43c35e4200c5e3b1\",\"name\":\"www@handlangers.be\",\"image\":{\"@type\":\"ImageObject\",\"inLanguage\":\"fr-FR\",\"@id\":\"https:\/\/dcbelgium.be\/fr\/#\/schema\/person\/image\/\",\"url\":\"https:\/\/secure.gravatar.com\/avatar\/84aef1d936a3ad6007b764c31434cae2f49c5e013369ad0dac9501fbc7429d1e?s=96&d=mm&r=g\",\"contentUrl\":\"https:\/\/secure.gravatar.com\/avatar\/84aef1d936a3ad6007b764c31434cae2f49c5e013369ad0dac9501fbc7429d1e?s=96&d=mm&r=g\",\"caption\":\"www@handlangers.be\"}}]}<\/script>\n<!-- \/ Yoast SEO plugin. -->","yoast_head_json":{"title":"Inauguration - DC Belgium","robots":{"index":"index","follow":"follow","max-snippet":"max-snippet:-1","max-image-preview":"max-image-preview:large","max-video-preview":"max-video-preview:-1"},"canonical":"https:\/\/dcbelgium.be\/fr\/inauguration-2\/","og_locale":"fr_FR","og_type":"article","og_title":"Inauguration - DC Belgium","og_description":"R\u00e9cemment, nous avons c\u00e9l\u00e9br\u00e9 avec la commune de Braine-Le-Comte l'inauguration festive de la statue \u00e0 l'entr\u00e9e de notre projet et du nouveau terrain de p\u00e9tanque dans le parc. Les participants et les r\u00e9sidents du Champ du Moulin l'ont imm\u00e9diatement test\u00e9 et approuv\u00e9 ! D\u00e9couvrez ici les moments forts de l'inauguration.","og_url":"https:\/\/dcbelgium.be\/fr\/inauguration-2\/","og_site_name":"DC Belgium","article_published_time":"2024-06-17T12:39:00+00:00","article_modified_time":"2024-06-27T12:44:06+00:00","og_image":[{"width":1471,"height":794,"url":"https:\/\/dcbelgium.be\/wp-content\/uploads\/2024\/06\/Screenshot-2024-06-27-at-14.42.46.png","type":"image\/png"}],"author":"www@handlangers.be","twitter_card":"summary_large_image","twitter_misc":{"\u00c9crit par":"www@handlangers.be","Dur\u00e9e de lecture estim\u00e9e":"1 minute"},"schema":{"@context":"https:\/\/schema.org","@graph":[{"@type":"WebPage","@id":"https:\/\/dcbelgium.be\/fr\/inauguration-2\/","url":"https:\/\/dcbelgium.be\/fr\/inauguration-2\/","name":"Inauguration - DC Belgium","isPartOf":{"@id":"https:\/\/dcbelgium.be\/fr\/#website"},"primaryImageOfPage":{"@id":"https:\/\/dcbelgium.be\/fr\/inauguration-2\/#primaryimage"},"image":{"@id":"https:\/\/dcbelgium.be\/fr\/inauguration-2\/#primaryimage"},"thumbnailUrl":"https:\/\/dcbelgium.be\/wp-content\/uploads\/2024\/06\/Screenshot-2024-06-27-at-14.42.46.png","datePublished":"2024-06-17T12:39:00+00:00","dateModified":"2024-06-27T12:44:06+00:00","author":{"@id":"https:\/\/dcbelgium.be\/fr\/#\/schema\/person\/d6c8d6594e7df0aa43c35e4200c5e3b1"},"inLanguage":"fr-FR","potentialAction":[{"@type":"ReadAction","target":["https:\/\/dcbelgium.be\/fr\/inauguration-2\/"]}]},{"@type":"ImageObject","inLanguage":"fr-FR","@id":"https:\/\/dcbelgium.be\/fr\/inauguration-2\/#primaryimage","url":"https:\/\/dcbelgium.be\/wp-content\/uploads\/2024\/06\/Screenshot-2024-06-27-at-14.42.46.png","contentUrl":"https:\/\/dcbelgium.be\/wp-content\/uploads\/2024\/06\/Screenshot-2024-06-27-at-14.42.46.png","width":1471,"height":794},{"@type":"WebSite","@id":"https:\/\/dcbelgium.be\/fr\/#website","url":"https:\/\/dcbelgium.be\/fr\/","name":"DC Belgium","description":"Development Coordination Belgium","potentialAction":[{"@type":"SearchAction","target":{"@type":"EntryPoint","urlTemplate":"https:\/\/dcbelgium.be\/fr\/?s={search_term_string}"},"query-input":{"@type":"PropertyValueSpecification","valueRequired":true,"valueName":"search_term_string"}}],"inLanguage":"fr-FR"},{"@type":"Person","@id":"https:\/\/dcbelgium.be\/fr\/#\/schema\/person\/d6c8d6594e7df0aa43c35e4200c5e3b1","name":"www@handlangers.be","image":{"@type":"ImageObject","inLanguage":"fr-FR","@id":"https:\/\/dcbelgium.be\/fr\/#\/schema\/person\/image\/","url":"https:\/\/secure.gravatar.com\/avatar\/84aef1d936a3ad6007b764c31434cae2f49c5e013369ad0dac9501fbc7429d1e?s=96&d=mm&r=g","contentUrl":"https:\/\/secure.gravatar.com\/avatar\/84aef1d936a3ad6007b764c31434cae2f49c5e013369ad0dac9501fbc7429d1e?s=96&d=mm&r=g","caption":"www@handlangers.be"}}]}},"_links":{"self":[{"href":"https:\/\/dcbelgium.be\/fr\/wp-json\/wp\/v2\/posts\/10014","targetHints":{"allow":["GET"]}}],"collection":[{"href":"https:\/\/dcbelgium.be\/fr\/wp-json\/wp\/v2\/posts"}],"about":[{"href":"https:\/\/dcbelgium.be\/fr\/wp-json\/wp\/v2\/types\/post"}],"author":[{"embeddable":true,"href":"https:\/\/dcbelgium.be\/fr\/wp-json\/wp\/v2\/users\/2"}],"replies":[{"embeddable":true,"href":"https:\/\/dcbelgium.be\/fr\/wp-json\/wp\/v2\/comments?post=10014"}],"version-history":[{"count":2,"href":"https:\/\/dcbelgium.be\/fr\/wp-json\/wp\/v2\/posts\/10014\/revisions"}],"predecessor-version":[{"id":10016,"href":"https:\/\/dcbelgium.be\/fr\/wp-json\/wp\/v2\/posts\/10014\/revisions\/10016"}],"wp:featuredmedia":[{"embeddable":true,"href":"https:\/\/dcbelgium.be\/fr\/wp-json\/wp\/v2\/media\/10011"}],"wp:attachment":[{"href":"https:\/\/dcbelgium.be\/fr\/wp-json\/wp\/v2\/media?parent=10014"}],"wp:term":[{"taxonomy":"category","embeddable":true,"href":"https:\/\/dcbelgium.be\/fr\/wp-json\/wp\/v2\/categories?post=10014"},{"taxonomy":"post_tag","embeddable":true,"href":"https:\/\/dcbelgium.be\/fr\/wp-json\/wp\/v2\/tags?post=10014"}],"curies":[{"name":"wp","href":"https:\/\/api.w.org\/{rel}","templated":true}]}}